{"id":2545,"date":"2024-04-23T16:39:06","date_gmt":"2024-04-23T16:39:06","guid":{"rendered":"https:\/\/multiarco.pt\/?p=2545"},"modified":"2024-04-23T16:39:36","modified_gmt":"2024-04-23T16:39:36","slug":"climatize-a-sua-casa-a-um-preco-mais-fresco","status":"publish","type":"post","link":"https:\/\/multiarco.pt\/index.php\/climatize-a-sua-casa-a-um-preco-mais-fresco\/","title":{"rendered":"Climatize a sua casa a um pre\u00e7o mais fresco! \u2744\ufe0f\u2600\ufe0f"},"content":{"rendered":"\n<figure class=\"wp-block-image size-large\"><img loading=\"lazy\" decoding=\"async\" width=\"1024\" height=\"671\" src=\"https:\/\/multiarco.pt\/wp-content\/uploads\/2024\/04\/artigo-1024x671.jpg\" alt=\"\" class=\"wp-image-2546\" srcset=\"https:\/\/multiarco.pt\/wp-content\/uploads\/2024\/04\/artigo-1024x671.jpg 1024w, https:\/\/multiarco.pt\/wp-content\/uploads\/2024\/04\/artigo-300x197.jpg 300w, https:\/\/multiarco.pt\/wp-content\/uploads\/2024\/04\/artigo-768x503.jpg 768w, https:\/\/multiarco.pt\/wp-content\/uploads\/2024\/04\/artigo-1536x1007.jpg 1536w, https:\/\/multiarco.pt\/wp-content\/uploads\/2024\/04\/artigo.jpg 2000w\" sizes=\"auto, (max-width: 1024px) 100vw, 1024px\" \/><\/figure>\n\n\n\n<p>Sabia que os equipamentos de ar condicionado beneficiam agora da taxa reduzida de IVA a 6%?<\/p>\n\n\n\n<p>A Autoridade Tribut\u00e1ria e Aduaneira passou a incluir os aparelhos de ar condicionado revers\u00edveis \u2013 compra, instala\u00e7\u00e3o, repara\u00e7\u00e3o e manuten\u00e7\u00e3o \u2013 e as bombas de calor na taxa reduzida de IVA, 6%. Esta medida visa permitir \u00e0s fam\u00edlias portuguesas aceder mais facilmente a equipamentos de climatiza\u00e7\u00e3o mais sustent\u00e1veis e eficientes.<\/p>\n\n\n\n<p>\u00c9 a oportunidade perfeita para adquirir ou renovar o seu equipamento de ar condicionado!<\/p>\n\n\n\n<p>Na Multiarco encontra uma vasta gama de equipamentos das melhores marcas, com pre\u00e7os imbat\u00edveis e condi\u00e7\u00f5es de pagamento flex\u00edveis.<br>Aproveite e usufrua de um ver\u00e3o mais fresco, confort\u00e1vel e mais econ\u00f3mico.<\/p>\n\n\n\n<p>Visite-nos na nossa loja ou contacte-nos para mais informa\u00e7\u00f5es:<br><a href=\"mailto:info@multiarco.pt\">\ud83d\udce7 info@multiarco.pt<\/a><br><a href=\"tel:++351218483740\">\u260e (+351) 218 483 740<\/a><br><a href=\"tel:+351218477075\">\u260e (+351) 218 477 075<\/a><\/p>\n","protected":false},"excerpt":{"rendered":"<p>Sabia que os equipamentos de ar condicionado beneficiam agora da taxa reduzida de IVA a 6%? A Autoridade Tribut\u00e1ria e Aduaneira passou a incluir os aparelhos de ar condicionado revers\u00edveis \u2013 compra, instala\u00e7\u00e3o, repara\u00e7\u00e3o e manuten\u00e7\u00e3o \u2013 e as bombas de calor na taxa reduzida de IVA, 6%. Esta medida visa permitir \u00e0s fam\u00edlias portuguesas [&hellip;]<\/p>\n","protected":false},"author":1,"featured_media":2546,"comment_status":"closed","ping_status":"closed","sticky":false,"template":"","format":"standard","meta":{"_themeisle_gutenberg_block_has_review":false,"footnotes":""},"categories":[12],"tags":[],"class_list":["post-2545","post","type-post","status-publish","format-standard","has-post-thumbnail","hentry","category-dicas"],"yoast_head":"<!-- This site is optimized with the Yoast SEO plugin v25.6 - https:\/\/yoast.com\/wordpress\/plugins\/seo\/ -->\n<title>Climatize a sua casa a um pre\u00e7o mais fresco! \u2744\ufe0f\u2600\ufe0f - Multiarco<\/title>\n<meta name=\"robots\" content=\"index, follow, max-snippet:-1, max-image-preview:large, max-video-preview:-1\" \/>\n<link rel=\"canonical\" href=\"https:\/\/multiarco.pt\/index.php\/climatize-a-sua-casa-a-um-preco-mais-fresco\/\" \/>\n<meta property=\"og:locale\" content=\"pt_PT\" \/>\n<meta property=\"og:type\" content=\"article\" \/>\n<meta property=\"og:title\" content=\"Climatize a sua casa a um pre\u00e7o mais fresco! \u2744\ufe0f\u2600\ufe0f - Multiarco\" \/>\n<meta property=\"og:description\" content=\"Sabia que os equipamentos de ar condicionado beneficiam agora da taxa reduzida de IVA a 6%? A Autoridade Tribut\u00e1ria e Aduaneira passou a incluir os aparelhos de ar condicionado revers\u00edveis \u2013 compra, instala\u00e7\u00e3o, repara\u00e7\u00e3o e manuten\u00e7\u00e3o \u2013 e as bombas de calor na taxa reduzida de IVA, 6%. Esta medida visa permitir \u00e0s fam\u00edlias portuguesas [&hellip;]\" \/>\n<meta property=\"og:url\" content=\"https:\/\/multiarco.pt\/index.php\/climatize-a-sua-casa-a-um-preco-mais-fresco\/\" \/>\n<meta property=\"og:site_name\" content=\"Multiarco\" \/>\n<meta property=\"article:publisher\" content=\"https:\/\/www.facebook.com\/multiarco\/\" \/>\n<meta property=\"article:published_time\" content=\"2024-04-23T16:39:06+00:00\" \/>\n<meta property=\"article:modified_time\" content=\"2024-04-23T16:39:36+00:00\" \/>\n<meta property=\"og:image\" content=\"https:\/\/multiarco.pt\/wp-content\/uploads\/2024\/04\/artigo.jpg\" \/>\n\t<meta property=\"og:image:width\" content=\"2000\" \/>\n\t<meta property=\"og:image:height\" content=\"1311\" \/>\n\t<meta property=\"og:image:type\" content=\"image\/jpeg\" \/>\n<meta name=\"author\" content=\"multiadmin\" \/>\n<meta name=\"twitter:card\" content=\"summary_large_image\" \/>\n<meta name=\"twitter:label1\" content=\"Escrito por\" \/>\n\t<meta name=\"twitter:data1\" content=\"multiadmin\" \/>\n\t<meta name=\"twitter:label2\" content=\"Tempo estimado de leitura\" \/>\n\t<meta name=\"twitter:data2\" content=\"1 minuto\" \/>\n<script type=\"application\/ld+json\" class=\"yoast-schema-graph\">{\"@context\":\"https:\/\/schema.org\",\"@graph\":[{\"@type\":\"Article\",\"@id\":\"https:\/\/multiarco.pt\/index.php\/climatize-a-sua-casa-a-um-preco-mais-fresco\/#article\",\"isPartOf\":{\"@id\":\"https:\/\/multiarco.pt\/index.php\/climatize-a-sua-casa-a-um-preco-mais-fresco\/\"},\"author\":{\"name\":\"multiadmin\",\"@id\":\"https:\/\/multiarco.pt\/#\/schema\/person\/66c4063976a7955199bf3cfff05b18be\"},\"headline\":\"Climatize a sua casa a um pre\u00e7o mais fresco! \u2744\ufe0f\u2600\ufe0f\",\"datePublished\":\"2024-04-23T16:39:06+00:00\",\"dateModified\":\"2024-04-23T16:39:36+00:00\",\"mainEntityOfPage\":{\"@id\":\"https:\/\/multiarco.pt\/index.php\/climatize-a-sua-casa-a-um-preco-mais-fresco\/\"},\"wordCount\":144,\"publisher\":{\"@id\":\"https:\/\/multiarco.pt\/#organization\"},\"image\":{\"@id\":\"https:\/\/multiarco.pt\/index.php\/climatize-a-sua-casa-a-um-preco-mais-fresco\/#primaryimage\"},\"thumbnailUrl\":\"https:\/\/multiarco.pt\/wp-content\/uploads\/2024\/04\/artigo.jpg\",\"articleSection\":[\"Dicas\"],\"inLanguage\":\"pt-PT\"},{\"@type\":\"WebPage\",\"@id\":\"https:\/\/multiarco.pt\/index.php\/climatize-a-sua-casa-a-um-preco-mais-fresco\/\",\"url\":\"https:\/\/multiarco.pt\/index.php\/climatize-a-sua-casa-a-um-preco-mais-fresco\/\",\"name\":\"Climatize a sua casa a um pre\u00e7o mais fresco! \u2744\ufe0f\u2600\ufe0f - Multiarco\",\"isPartOf\":{\"@id\":\"https:\/\/multiarco.pt\/#website\"},\"primaryImageOfPage\":{\"@id\":\"https:\/\/multiarco.pt\/index.php\/climatize-a-sua-casa-a-um-preco-mais-fresco\/#primaryimage\"},\"image\":{\"@id\":\"https:\/\/multiarco.pt\/index.php\/climatize-a-sua-casa-a-um-preco-mais-fresco\/#primaryimage\"},\"thumbnailUrl\":\"https:\/\/multiarco.pt\/wp-content\/uploads\/2024\/04\/artigo.jpg\",\"datePublished\":\"2024-04-23T16:39:06+00:00\",\"dateModified\":\"2024-04-23T16:39:36+00:00\",\"breadcrumb\":{\"@id\":\"https:\/\/multiarco.pt\/index.php\/climatize-a-sua-casa-a-um-preco-mais-fresco\/#breadcrumb\"},\"inLanguage\":\"pt-PT\",\"potentialAction\":[{\"@type\":\"ReadAction\",\"target\":[\"https:\/\/multiarco.pt\/index.php\/climatize-a-sua-casa-a-um-preco-mais-fresco\/\"]}]},{\"@type\":\"ImageObject\",\"inLanguage\":\"pt-PT\",\"@id\":\"https:\/\/multiarco.pt\/index.php\/climatize-a-sua-casa-a-um-preco-mais-fresco\/#primaryimage\",\"url\":\"https:\/\/multiarco.pt\/wp-content\/uploads\/2024\/04\/artigo.jpg\",\"contentUrl\":\"https:\/\/multiarco.pt\/wp-content\/uploads\/2024\/04\/artigo.jpg\",\"width\":2000,\"height\":1311},{\"@type\":\"BreadcrumbList\",\"@id\":\"https:\/\/multiarco.pt\/index.php\/climatize-a-sua-casa-a-um-preco-mais-fresco\/#breadcrumb\",\"itemListElement\":[{\"@type\":\"ListItem\",\"position\":1,\"name\":\"In\u00edcio\",\"item\":\"https:\/\/multiarco.pt\/\"},{\"@type\":\"ListItem\",\"position\":2,\"name\":\"Climatize a sua casa a um pre\u00e7o mais fresco! \u2744\ufe0f\u2600\ufe0f\"}]},{\"@type\":\"WebSite\",\"@id\":\"https:\/\/multiarco.pt\/#website\",\"url\":\"https:\/\/multiarco.pt\/\",\"name\":\"Multiarco\",\"description\":\"Multiarco\",\"publisher\":{\"@id\":\"https:\/\/multiarco.pt\/#organization\"},\"potentialAction\":[{\"@type\":\"SearchAction\",\"target\":{\"@type\":\"EntryPoint\",\"urlTemplate\":\"https:\/\/multiarco.pt\/?s={search_term_string}\"},\"query-input\":{\"@type\":\"PropertyValueSpecification\",\"valueRequired\":true,\"valueName\":\"search_term_string\"}}],\"inLanguage\":\"pt-PT\"},{\"@type\":\"Organization\",\"@id\":\"https:\/\/multiarco.pt\/#organization\",\"name\":\"Multiarco\",\"url\":\"https:\/\/multiarco.pt\/\",\"logo\":{\"@type\":\"ImageObject\",\"inLanguage\":\"pt-PT\",\"@id\":\"https:\/\/multiarco.pt\/#\/schema\/logo\/image\/\",\"url\":\"https:\/\/multiarco.pt\/wp-content\/uploads\/2022\/10\/logo-branco-08.png\",\"contentUrl\":\"https:\/\/multiarco.pt\/wp-content\/uploads\/2022\/10\/logo-branco-08.png\",\"width\":175,\"height\":64,\"caption\":\"Multiarco\"},\"image\":{\"@id\":\"https:\/\/multiarco.pt\/#\/schema\/logo\/image\/\"},\"sameAs\":[\"https:\/\/www.facebook.com\/multiarco\/\"]},{\"@type\":\"Person\",\"@id\":\"https:\/\/multiarco.pt\/#\/schema\/person\/66c4063976a7955199bf3cfff05b18be\",\"name\":\"multiadmin\",\"image\":{\"@type\":\"ImageObject\",\"inLanguage\":\"pt-PT\",\"@id\":\"https:\/\/multiarco.pt\/#\/schema\/person\/image\/\",\"url\":\"https:\/\/multiarco.pt\/wp-content\/litespeed\/avatar\/eb56fa3c840e2d0bbddf5174ec3c493c.jpg?ver=1776921110\",\"contentUrl\":\"https:\/\/multiarco.pt\/wp-content\/litespeed\/avatar\/eb56fa3c840e2d0bbddf5174ec3c493c.jpg?ver=1776921110\",\"caption\":\"multiadmin\"},\"sameAs\":[\"https:\/\/multiarco.pt\"],\"url\":\"https:\/\/multiarco.pt\/index.php\/author\/multiadmin\/\"}]}<\/script>\n<!-- \/ Yoast SEO plugin. -->","yoast_head_json":{"title":"Climatize a sua casa a um pre\u00e7o mais fresco! \u2744\ufe0f\u2600\ufe0f - Multiarco","robots":{"index":"index","follow":"follow","max-snippet":"max-snippet:-1","max-image-preview":"max-image-preview:large","max-video-preview":"max-video-preview:-1"},"canonical":"https:\/\/multiarco.pt\/index.php\/climatize-a-sua-casa-a-um-preco-mais-fresco\/","og_locale":"pt_PT","og_type":"article","og_title":"Climatize a sua casa a um pre\u00e7o mais fresco! \u2744\ufe0f\u2600\ufe0f - Multiarco","og_description":"Sabia que os equipamentos de ar condicionado beneficiam agora da taxa reduzida de IVA a 6%? A Autoridade Tribut\u00e1ria e Aduaneira passou a incluir os aparelhos de ar condicionado revers\u00edveis \u2013 compra, instala\u00e7\u00e3o, repara\u00e7\u00e3o e manuten\u00e7\u00e3o \u2013 e as bombas de calor na taxa reduzida de IVA, 6%. Esta medida visa permitir \u00e0s fam\u00edlias portuguesas [&hellip;]","og_url":"https:\/\/multiarco.pt\/index.php\/climatize-a-sua-casa-a-um-preco-mais-fresco\/","og_site_name":"Multiarco","article_publisher":"https:\/\/www.facebook.com\/multiarco\/","article_published_time":"2024-04-23T16:39:06+00:00","article_modified_time":"2024-04-23T16:39:36+00:00","og_image":[{"width":2000,"height":1311,"url":"https:\/\/multiarco.pt\/wp-content\/uploads\/2024\/04\/artigo.jpg","type":"image\/jpeg"}],"author":"multiadmin","twitter_card":"summary_large_image","twitter_misc":{"Escrito por":"multiadmin","Tempo estimado de leitura":"1 minuto"},"schema":{"@context":"https:\/\/schema.org","@graph":[{"@type":"Article","@id":"https:\/\/multiarco.pt\/index.php\/climatize-a-sua-casa-a-um-preco-mais-fresco\/#article","isPartOf":{"@id":"https:\/\/multiarco.pt\/index.php\/climatize-a-sua-casa-a-um-preco-mais-fresco\/"},"author":{"name":"multiadmin","@id":"https:\/\/multiarco.pt\/#\/schema\/person\/66c4063976a7955199bf3cfff05b18be"},"headline":"Climatize a sua casa a um pre\u00e7o mais fresco! \u2744\ufe0f\u2600\ufe0f","datePublished":"2024-04-23T16:39:06+00:00","dateModified":"2024-04-23T16:39:36+00:00","mainEntityOfPage":{"@id":"https:\/\/multiarco.pt\/index.php\/climatize-a-sua-casa-a-um-preco-mais-fresco\/"},"wordCount":144,"publisher":{"@id":"https:\/\/multiarco.pt\/#organization"},"image":{"@id":"https:\/\/multiarco.pt\/index.php\/climatize-a-sua-casa-a-um-preco-mais-fresco\/#primaryimage"},"thumbnailUrl":"https:\/\/multiarco.pt\/wp-content\/uploads\/2024\/04\/artigo.jpg","articleSection":["Dicas"],"inLanguage":"pt-PT"},{"@type":"WebPage","@id":"https:\/\/multiarco.pt\/index.php\/climatize-a-sua-casa-a-um-preco-mais-fresco\/","url":"https:\/\/multiarco.pt\/index.php\/climatize-a-sua-casa-a-um-preco-mais-fresco\/","name":"Climatize a sua casa a um pre\u00e7o mais fresco! \u2744\ufe0f\u2600\ufe0f - Multiarco","isPartOf":{"@id":"https:\/\/multiarco.pt\/#website"},"primaryImageOfPage":{"@id":"https:\/\/multiarco.pt\/index.php\/climatize-a-sua-casa-a-um-preco-mais-fresco\/#primaryimage"},"image":{"@id":"https:\/\/multiarco.pt\/index.php\/climatize-a-sua-casa-a-um-preco-mais-fresco\/#primaryimage"},"thumbnailUrl":"https:\/\/multiarco.pt\/wp-content\/uploads\/2024\/04\/artigo.jpg","datePublished":"2024-04-23T16:39:06+00:00","dateModified":"2024-04-23T16:39:36+00:00","breadcrumb":{"@id":"https:\/\/multiarco.pt\/index.php\/climatize-a-sua-casa-a-um-preco-mais-fresco\/#breadcrumb"},"inLanguage":"pt-PT","potentialAction":[{"@type":"ReadAction","target":["https:\/\/multiarco.pt\/index.php\/climatize-a-sua-casa-a-um-preco-mais-fresco\/"]}]},{"@type":"ImageObject","inLanguage":"pt-PT","@id":"https:\/\/multiarco.pt\/index.php\/climatize-a-sua-casa-a-um-preco-mais-fresco\/#primaryimage","url":"https:\/\/multiarco.pt\/wp-content\/uploads\/2024\/04\/artigo.jpg","contentUrl":"https:\/\/multiarco.pt\/wp-content\/uploads\/2024\/04\/artigo.jpg","width":2000,"height":1311},{"@type":"BreadcrumbList","@id":"https:\/\/multiarco.pt\/index.php\/climatize-a-sua-casa-a-um-preco-mais-fresco\/#breadcrumb","itemListElement":[{"@type":"ListItem","position":1,"name":"In\u00edcio","item":"https:\/\/multiarco.pt\/"},{"@type":"ListItem","position":2,"name":"Climatize a sua casa a um pre\u00e7o mais fresco! \u2744\ufe0f\u2600\ufe0f"}]},{"@type":"WebSite","@id":"https:\/\/multiarco.pt\/#website","url":"https:\/\/multiarco.pt\/","name":"Multiarco","description":"Multiarco","publisher":{"@id":"https:\/\/multiarco.pt\/#organization"},"potentialAction":[{"@type":"SearchAction","target":{"@type":"EntryPoint","urlTemplate":"https:\/\/multiarco.pt\/?s={search_term_string}"},"query-input":{"@type":"PropertyValueSpecification","valueRequired":true,"valueName":"search_term_string"}}],"inLanguage":"pt-PT"},{"@type":"Organization","@id":"https:\/\/multiarco.pt\/#organization","name":"Multiarco","url":"https:\/\/multiarco.pt\/","logo":{"@type":"ImageObject","inLanguage":"pt-PT","@id":"https:\/\/multiarco.pt\/#\/schema\/logo\/image\/","url":"https:\/\/multiarco.pt\/wp-content\/uploads\/2022\/10\/logo-branco-08.png","contentUrl":"https:\/\/multiarco.pt\/wp-content\/uploads\/2022\/10\/logo-branco-08.png","width":175,"height":64,"caption":"Multiarco"},"image":{"@id":"https:\/\/multiarco.pt\/#\/schema\/logo\/image\/"},"sameAs":["https:\/\/www.facebook.com\/multiarco\/"]},{"@type":"Person","@id":"https:\/\/multiarco.pt\/#\/schema\/person\/66c4063976a7955199bf3cfff05b18be","name":"multiadmin","image":{"@type":"ImageObject","inLanguage":"pt-PT","@id":"https:\/\/multiarco.pt\/#\/schema\/person\/image\/","url":"https:\/\/multiarco.pt\/wp-content\/litespeed\/avatar\/eb56fa3c840e2d0bbddf5174ec3c493c.jpg?ver=1776921110","contentUrl":"https:\/\/multiarco.pt\/wp-content\/litespeed\/avatar\/eb56fa3c840e2d0bbddf5174ec3c493c.jpg?ver=1776921110","caption":"multiadmin"},"sameAs":["https:\/\/multiarco.pt"],"url":"https:\/\/multiarco.pt\/index.php\/author\/multiadmin\/"}]}},"_links":{"self":[{"href":"https:\/\/multiarco.pt\/index.php\/wp-json\/wp\/v2\/posts\/2545","targetHints":{"allow":["GET"]}}],"collection":[{"href":"https:\/\/multiarco.pt\/index.php\/wp-json\/wp\/v2\/posts"}],"about":[{"href":"https:\/\/multiarco.pt\/index.php\/wp-json\/wp\/v2\/types\/post"}],"author":[{"embeddable":true,"href":"https:\/\/multiarco.pt\/index.php\/wp-json\/wp\/v2\/users\/1"}],"replies":[{"embeddable":true,"href":"https:\/\/multiarco.pt\/index.php\/wp-json\/wp\/v2\/comments?post=2545"}],"version-history":[{"count":1,"href":"https:\/\/multiarco.pt\/index.php\/wp-json\/wp\/v2\/posts\/2545\/revisions"}],"predecessor-version":[{"id":2547,"href":"https:\/\/multiarco.pt\/index.php\/wp-json\/wp\/v2\/posts\/2545\/revisions\/2547"}],"wp:featuredmedia":[{"embeddable":true,"href":"https:\/\/multiarco.pt\/index.php\/wp-json\/wp\/v2\/media\/2546"}],"wp:attachment":[{"href":"https:\/\/multiarco.pt\/index.php\/wp-json\/wp\/v2\/media?parent=2545"}],"wp:term":[{"taxonomy":"category","embeddable":true,"href":"https:\/\/multiarco.pt\/index.php\/wp-json\/wp\/v2\/categories?post=2545"},{"taxonomy":"post_tag","embeddable":true,"href":"https:\/\/multiarco.pt\/index.php\/wp-json\/wp\/v2\/tags?post=2545"}],"curies":[{"name":"wp","href":"https:\/\/api.w.org\/{rel}","templated":true}]}}