{"id":2594,"date":"2024-07-11T15:46:28","date_gmt":"2024-07-11T15:46:28","guid":{"rendered":"https:\/\/multiarco.pt\/?p=2594"},"modified":"2024-07-11T15:47:18","modified_gmt":"2024-07-11T15:47:18","slug":"nos-alive-2024","status":"publish","type":"post","link":"https:\/\/multiarco.pt\/index.php\/nos-alive-2024\/","title":{"rendered":"Nos Alive 2024"},"content":{"rendered":"<div class=\"wp-block-image\">\n<figure class=\"aligncenter size-large is-resized\"><img loading=\"lazy\" decoding=\"async\" width=\"1024\" height=\"1024\" src=\"https:\/\/multiarco.pt\/wp-content\/uploads\/2024\/07\/feed-1024x1024.jpg\" alt=\"\" class=\"wp-image-2597\" style=\"width:480px;height:auto\" srcset=\"https:\/\/multiarco.pt\/wp-content\/uploads\/2024\/07\/feed-1024x1024.jpg 1024w, https:\/\/multiarco.pt\/wp-content\/uploads\/2024\/07\/feed-300x300.jpg 300w, https:\/\/multiarco.pt\/wp-content\/uploads\/2024\/07\/feed-150x150.jpg 150w, https:\/\/multiarco.pt\/wp-content\/uploads\/2024\/07\/feed-768x768.jpg 768w, https:\/\/multiarco.pt\/wp-content\/uploads\/2024\/07\/feed.jpg 1080w\" sizes=\"auto, (max-width: 1024px) 100vw, 1024px\" \/><\/figure>\n<\/div>\n\n\n<div style=\"height:33px\" aria-hidden=\"true\" class=\"wp-block-spacer\"><\/div>\n\n\n\n<p>Hoje come\u00e7a o maior concerto de ver\u00e3o de Lisboa, e a Multiarco \u00e9 o parceiro oficial de climatiza\u00e7\u00e3o do Nos Alive\u2744\ufe0f<\/p>\n\n\n\n<p>Estamos orgulhosos de manter todos os festivaleiros frescos e confort\u00e1veis durante este grande evento musical, com o aluguer e manuten\u00e7\u00e3o de todos os equipamentos de ar condicionado presentes no espa\u00e7o, incluindo nas zonas VIP.<\/p>\n\n\n\n<p>Com a nossa experi\u00eancia e compromisso com a qualidade, pode ter a certeza de que ir\u00e1 aproveitar ao m\u00e1ximo a sua experi\u00eancia no NOS Alive. \u2600\ufe0f<\/p>\n\n\n\n<div style=\"height:33px\" aria-hidden=\"true\" class=\"wp-block-spacer\"><\/div>\n\n\n<div class=\"wp-block-image\">\n<figure class=\"aligncenter size-large is-resized\"><img loading=\"lazy\" decoding=\"async\" width=\"1024\" height=\"1024\" src=\"https:\/\/multiarco.pt\/wp-content\/uploads\/2024\/07\/NA24_Feed12-1024x1024.jpg\" alt=\"\" class=\"wp-image-2598\" style=\"width:480px\" srcset=\"https:\/\/multiarco.pt\/wp-content\/uploads\/2024\/07\/NA24_Feed12-1024x1024.jpg 1024w, https:\/\/multiarco.pt\/wp-content\/uploads\/2024\/07\/NA24_Feed12-300x300.jpg 300w, https:\/\/multiarco.pt\/wp-content\/uploads\/2024\/07\/NA24_Feed12-150x150.jpg 150w, https:\/\/multiarco.pt\/wp-content\/uploads\/2024\/07\/NA24_Feed12-768x768.jpg 768w, https:\/\/multiarco.pt\/wp-content\/uploads\/2024\/07\/NA24_Feed12.jpg 1080w\" sizes=\"auto, (max-width: 1024px) 100vw, 1024px\" \/><\/figure>\n<\/div>","protected":false},"excerpt":{"rendered":"<p>Hoje come\u00e7a o maior concerto de ver\u00e3o de Lisboa, e a Multiarco \u00e9 o parceiro oficial de climatiza\u00e7\u00e3o do Nos Alive\u2744\ufe0f Estamos orgulhosos de manter todos os festivaleiros frescos e confort\u00e1veis durante este grande evento musical, com o aluguer e manuten\u00e7\u00e3o de todos os equipamentos de ar condicionado presentes no espa\u00e7o, incluindo nas zonas VIP. [&hellip;]<\/p>\n","protected":false},"author":1,"featured_media":2599,"comment_status":"closed","ping_status":"closed","sticky":false,"template":"","format":"standard","meta":{"_themeisle_gutenberg_block_has_review":false,"footnotes":""},"categories":[26],"tags":[],"class_list":["post-2594","post","type-post","status-publish","format-standard","has-post-thumbnail","hentry","category-portefolio"],"yoast_head":"<!-- This site is optimized with the Yoast SEO plugin v25.6 - https:\/\/yoast.com\/wordpress\/plugins\/seo\/ -->\n<title>Nos Alive 2024 - Multiarco<\/title>\n<meta name=\"robots\" content=\"index, follow, max-snippet:-1, max-image-preview:large, max-video-preview:-1\" \/>\n<link rel=\"canonical\" href=\"https:\/\/multiarco.pt\/index.php\/nos-alive-2024\/\" \/>\n<meta property=\"og:locale\" content=\"pt_PT\" \/>\n<meta property=\"og:type\" content=\"article\" \/>\n<meta property=\"og:title\" content=\"Nos Alive 2024 - Multiarco\" \/>\n<meta property=\"og:description\" content=\"Hoje come\u00e7a o maior concerto de ver\u00e3o de Lisboa, e a Multiarco \u00e9 o parceiro oficial de climatiza\u00e7\u00e3o do Nos Alive\u2744\ufe0f Estamos orgulhosos de manter todos os festivaleiros frescos e confort\u00e1veis durante este grande evento musical, com o aluguer e manuten\u00e7\u00e3o de todos os equipamentos de ar condicionado presentes no espa\u00e7o, incluindo nas zonas VIP. [&hellip;]\" \/>\n<meta property=\"og:url\" content=\"https:\/\/multiarco.pt\/index.php\/nos-alive-2024\/\" \/>\n<meta property=\"og:site_name\" content=\"Multiarco\" \/>\n<meta property=\"article:publisher\" content=\"https:\/\/www.facebook.com\/multiarco\/\" \/>\n<meta property=\"article:published_time\" content=\"2024-07-11T15:46:28+00:00\" \/>\n<meta property=\"article:modified_time\" content=\"2024-07-11T15:47:18+00:00\" \/>\n<meta property=\"og:image\" content=\"https:\/\/multiarco.pt\/wp-content\/uploads\/2024\/07\/feedalternativa.jpg\" \/>\n\t<meta property=\"og:image:width\" content=\"1080\" \/>\n\t<meta property=\"og:image:height\" content=\"1080\" \/>\n\t<meta property=\"og:image:type\" content=\"image\/jpeg\" \/>\n<meta name=\"author\" content=\"multiadmin\" \/>\n<meta name=\"twitter:card\" content=\"summary_large_image\" \/>\n<meta name=\"twitter:label1\" content=\"Escrito por\" \/>\n\t<meta name=\"twitter:data1\" content=\"multiadmin\" \/>\n\t<meta name=\"twitter:label2\" content=\"Tempo estimado de leitura\" \/>\n\t<meta name=\"twitter:data2\" content=\"1 minuto\" \/>\n<script type=\"application\/ld+json\" class=\"yoast-schema-graph\">{\"@context\":\"https:\/\/schema.org\",\"@graph\":[{\"@type\":\"Article\",\"@id\":\"https:\/\/multiarco.pt\/index.php\/nos-alive-2024\/#article\",\"isPartOf\":{\"@id\":\"https:\/\/multiarco.pt\/index.php\/nos-alive-2024\/\"},\"author\":{\"name\":\"multiadmin\",\"@id\":\"https:\/\/multiarco.pt\/#\/schema\/person\/66c4063976a7955199bf3cfff05b18be\"},\"headline\":\"Nos Alive 2024\",\"datePublished\":\"2024-07-11T15:46:28+00:00\",\"dateModified\":\"2024-07-11T15:47:18+00:00\",\"mainEntityOfPage\":{\"@id\":\"https:\/\/multiarco.pt\/index.php\/nos-alive-2024\/\"},\"wordCount\":90,\"publisher\":{\"@id\":\"https:\/\/multiarco.pt\/#organization\"},\"image\":{\"@id\":\"https:\/\/multiarco.pt\/index.php\/nos-alive-2024\/#primaryimage\"},\"thumbnailUrl\":\"https:\/\/multiarco.pt\/wp-content\/uploads\/2024\/07\/feedalternativa.jpg\",\"articleSection\":[\"Portef\u00f3lio\"],\"inLanguage\":\"pt-PT\"},{\"@type\":\"WebPage\",\"@id\":\"https:\/\/multiarco.pt\/index.php\/nos-alive-2024\/\",\"url\":\"https:\/\/multiarco.pt\/index.php\/nos-alive-2024\/\",\"name\":\"Nos Alive 2024 - Multiarco\",\"isPartOf\":{\"@id\":\"https:\/\/multiarco.pt\/#website\"},\"primaryImageOfPage\":{\"@id\":\"https:\/\/multiarco.pt\/index.php\/nos-alive-2024\/#primaryimage\"},\"image\":{\"@id\":\"https:\/\/multiarco.pt\/index.php\/nos-alive-2024\/#primaryimage\"},\"thumbnailUrl\":\"https:\/\/multiarco.pt\/wp-content\/uploads\/2024\/07\/feedalternativa.jpg\",\"datePublished\":\"2024-07-11T15:46:28+00:00\",\"dateModified\":\"2024-07-11T15:47:18+00:00\",\"breadcrumb\":{\"@id\":\"https:\/\/multiarco.pt\/index.php\/nos-alive-2024\/#breadcrumb\"},\"inLanguage\":\"pt-PT\",\"potentialAction\":[{\"@type\":\"ReadAction\",\"target\":[\"https:\/\/multiarco.pt\/index.php\/nos-alive-2024\/\"]}]},{\"@type\":\"ImageObject\",\"inLanguage\":\"pt-PT\",\"@id\":\"https:\/\/multiarco.pt\/index.php\/nos-alive-2024\/#primaryimage\",\"url\":\"https:\/\/multiarco.pt\/wp-content\/uploads\/2024\/07\/feedalternativa.jpg\",\"contentUrl\":\"https:\/\/multiarco.pt\/wp-content\/uploads\/2024\/07\/feedalternativa.jpg\",\"width\":1080,\"height\":1080},{\"@type\":\"BreadcrumbList\",\"@id\":\"https:\/\/multiarco.pt\/index.php\/nos-alive-2024\/#breadcrumb\",\"itemListElement\":[{\"@type\":\"ListItem\",\"position\":1,\"name\":\"In\u00edcio\",\"item\":\"https:\/\/multiarco.pt\/\"},{\"@type\":\"ListItem\",\"position\":2,\"name\":\"Nos Alive 2024\"}]},{\"@type\":\"WebSite\",\"@id\":\"https:\/\/multiarco.pt\/#website\",\"url\":\"https:\/\/multiarco.pt\/\",\"name\":\"Multiarco\",\"description\":\"Multiarco\",\"publisher\":{\"@id\":\"https:\/\/multiarco.pt\/#organization\"},\"potentialAction\":[{\"@type\":\"SearchAction\",\"target\":{\"@type\":\"EntryPoint\",\"urlTemplate\":\"https:\/\/multiarco.pt\/?s={search_term_string}\"},\"query-input\":{\"@type\":\"PropertyValueSpecification\",\"valueRequired\":true,\"valueName\":\"search_term_string\"}}],\"inLanguage\":\"pt-PT\"},{\"@type\":\"Organization\",\"@id\":\"https:\/\/multiarco.pt\/#organization\",\"name\":\"Multiarco\",\"url\":\"https:\/\/multiarco.pt\/\",\"logo\":{\"@type\":\"ImageObject\",\"inLanguage\":\"pt-PT\",\"@id\":\"https:\/\/multiarco.pt\/#\/schema\/logo\/image\/\",\"url\":\"https:\/\/multiarco.pt\/wp-content\/uploads\/2022\/10\/logo-branco-08.png\",\"contentUrl\":\"https:\/\/multiarco.pt\/wp-content\/uploads\/2022\/10\/logo-branco-08.png\",\"width\":175,\"height\":64,\"caption\":\"Multiarco\"},\"image\":{\"@id\":\"https:\/\/multiarco.pt\/#\/schema\/logo\/image\/\"},\"sameAs\":[\"https:\/\/www.facebook.com\/multiarco\/\"]},{\"@type\":\"Person\",\"@id\":\"https:\/\/multiarco.pt\/#\/schema\/person\/66c4063976a7955199bf3cfff05b18be\",\"name\":\"multiadmin\",\"image\":{\"@type\":\"ImageObject\",\"inLanguage\":\"pt-PT\",\"@id\":\"https:\/\/multiarco.pt\/#\/schema\/person\/image\/\",\"url\":\"https:\/\/multiarco.pt\/wp-content\/litespeed\/avatar\/eb56fa3c840e2d0bbddf5174ec3c493c.jpg?ver=1776921110\",\"contentUrl\":\"https:\/\/multiarco.pt\/wp-content\/litespeed\/avatar\/eb56fa3c840e2d0bbddf5174ec3c493c.jpg?ver=1776921110\",\"caption\":\"multiadmin\"},\"sameAs\":[\"https:\/\/multiarco.pt\"],\"url\":\"https:\/\/multiarco.pt\/index.php\/author\/multiadmin\/\"}]}<\/script>\n<!-- \/ Yoast SEO plugin. -->","yoast_head_json":{"title":"Nos Alive 2024 - Multiarco","robots":{"index":"index","follow":"follow","max-snippet":"max-snippet:-1","max-image-preview":"max-image-preview:large","max-video-preview":"max-video-preview:-1"},"canonical":"https:\/\/multiarco.pt\/index.php\/nos-alive-2024\/","og_locale":"pt_PT","og_type":"article","og_title":"Nos Alive 2024 - Multiarco","og_description":"Hoje come\u00e7a o maior concerto de ver\u00e3o de Lisboa, e a Multiarco \u00e9 o parceiro oficial de climatiza\u00e7\u00e3o do Nos Alive\u2744\ufe0f Estamos orgulhosos de manter todos os festivaleiros frescos e confort\u00e1veis durante este grande evento musical, com o aluguer e manuten\u00e7\u00e3o de todos os equipamentos de ar condicionado presentes no espa\u00e7o, incluindo nas zonas VIP. [&hellip;]","og_url":"https:\/\/multiarco.pt\/index.php\/nos-alive-2024\/","og_site_name":"Multiarco","article_publisher":"https:\/\/www.facebook.com\/multiarco\/","article_published_time":"2024-07-11T15:46:28+00:00","article_modified_time":"2024-07-11T15:47:18+00:00","og_image":[{"width":1080,"height":1080,"url":"https:\/\/multiarco.pt\/wp-content\/uploads\/2024\/07\/feedalternativa.jpg","type":"image\/jpeg"}],"author":"multiadmin","twitter_card":"summary_large_image","twitter_misc":{"Escrito por":"multiadmin","Tempo estimado de leitura":"1 minuto"},"schema":{"@context":"https:\/\/schema.org","@graph":[{"@type":"Article","@id":"https:\/\/multiarco.pt\/index.php\/nos-alive-2024\/#article","isPartOf":{"@id":"https:\/\/multiarco.pt\/index.php\/nos-alive-2024\/"},"author":{"name":"multiadmin","@id":"https:\/\/multiarco.pt\/#\/schema\/person\/66c4063976a7955199bf3cfff05b18be"},"headline":"Nos Alive 2024","datePublished":"2024-07-11T15:46:28+00:00","dateModified":"2024-07-11T15:47:18+00:00","mainEntityOfPage":{"@id":"https:\/\/multiarco.pt\/index.php\/nos-alive-2024\/"},"wordCount":90,"publisher":{"@id":"https:\/\/multiarco.pt\/#organization"},"image":{"@id":"https:\/\/multiarco.pt\/index.php\/nos-alive-2024\/#primaryimage"},"thumbnailUrl":"https:\/\/multiarco.pt\/wp-content\/uploads\/2024\/07\/feedalternativa.jpg","articleSection":["Portef\u00f3lio"],"inLanguage":"pt-PT"},{"@type":"WebPage","@id":"https:\/\/multiarco.pt\/index.php\/nos-alive-2024\/","url":"https:\/\/multiarco.pt\/index.php\/nos-alive-2024\/","name":"Nos Alive 2024 - Multiarco","isPartOf":{"@id":"https:\/\/multiarco.pt\/#website"},"primaryImageOfPage":{"@id":"https:\/\/multiarco.pt\/index.php\/nos-alive-2024\/#primaryimage"},"image":{"@id":"https:\/\/multiarco.pt\/index.php\/nos-alive-2024\/#primaryimage"},"thumbnailUrl":"https:\/\/multiarco.pt\/wp-content\/uploads\/2024\/07\/feedalternativa.jpg","datePublished":"2024-07-11T15:46:28+00:00","dateModified":"2024-07-11T15:47:18+00:00","breadcrumb":{"@id":"https:\/\/multiarco.pt\/index.php\/nos-alive-2024\/#breadcrumb"},"inLanguage":"pt-PT","potentialAction":[{"@type":"ReadAction","target":["https:\/\/multiarco.pt\/index.php\/nos-alive-2024\/"]}]},{"@type":"ImageObject","inLanguage":"pt-PT","@id":"https:\/\/multiarco.pt\/index.php\/nos-alive-2024\/#primaryimage","url":"https:\/\/multiarco.pt\/wp-content\/uploads\/2024\/07\/feedalternativa.jpg","contentUrl":"https:\/\/multiarco.pt\/wp-content\/uploads\/2024\/07\/feedalternativa.jpg","width":1080,"height":1080},{"@type":"BreadcrumbList","@id":"https:\/\/multiarco.pt\/index.php\/nos-alive-2024\/#breadcrumb","itemListElement":[{"@type":"ListItem","position":1,"name":"In\u00edcio","item":"https:\/\/multiarco.pt\/"},{"@type":"ListItem","position":2,"name":"Nos Alive 2024"}]},{"@type":"WebSite","@id":"https:\/\/multiarco.pt\/#website","url":"https:\/\/multiarco.pt\/","name":"Multiarco","description":"Multiarco","publisher":{"@id":"https:\/\/multiarco.pt\/#organization"},"potentialAction":[{"@type":"SearchAction","target":{"@type":"EntryPoint","urlTemplate":"https:\/\/multiarco.pt\/?s={search_term_string}"},"query-input":{"@type":"PropertyValueSpecification","valueRequired":true,"valueName":"search_term_string"}}],"inLanguage":"pt-PT"},{"@type":"Organization","@id":"https:\/\/multiarco.pt\/#organization","name":"Multiarco","url":"https:\/\/multiarco.pt\/","logo":{"@type":"ImageObject","inLanguage":"pt-PT","@id":"https:\/\/multiarco.pt\/#\/schema\/logo\/image\/","url":"https:\/\/multiarco.pt\/wp-content\/uploads\/2022\/10\/logo-branco-08.png","contentUrl":"https:\/\/multiarco.pt\/wp-content\/uploads\/2022\/10\/logo-branco-08.png","width":175,"height":64,"caption":"Multiarco"},"image":{"@id":"https:\/\/multiarco.pt\/#\/schema\/logo\/image\/"},"sameAs":["https:\/\/www.facebook.com\/multiarco\/"]},{"@type":"Person","@id":"https:\/\/multiarco.pt\/#\/schema\/person\/66c4063976a7955199bf3cfff05b18be","name":"multiadmin","image":{"@type":"ImageObject","inLanguage":"pt-PT","@id":"https:\/\/multiarco.pt\/#\/schema\/person\/image\/","url":"https:\/\/multiarco.pt\/wp-content\/litespeed\/avatar\/eb56fa3c840e2d0bbddf5174ec3c493c.jpg?ver=1776921110","contentUrl":"https:\/\/multiarco.pt\/wp-content\/litespeed\/avatar\/eb56fa3c840e2d0bbddf5174ec3c493c.jpg?ver=1776921110","caption":"multiadmin"},"sameAs":["https:\/\/multiarco.pt"],"url":"https:\/\/multiarco.pt\/index.php\/author\/multiadmin\/"}]}},"_links":{"self":[{"href":"https:\/\/multiarco.pt\/index.php\/wp-json\/wp\/v2\/posts\/2594","targetHints":{"allow":["GET"]}}],"collection":[{"href":"https:\/\/multiarco.pt\/index.php\/wp-json\/wp\/v2\/posts"}],"about":[{"href":"https:\/\/multiarco.pt\/index.php\/wp-json\/wp\/v2\/types\/post"}],"author":[{"embeddable":true,"href":"https:\/\/multiarco.pt\/index.php\/wp-json\/wp\/v2\/users\/1"}],"replies":[{"embeddable":true,"href":"https:\/\/multiarco.pt\/index.php\/wp-json\/wp\/v2\/comments?post=2594"}],"version-history":[{"count":4,"href":"https:\/\/multiarco.pt\/index.php\/wp-json\/wp\/v2\/posts\/2594\/revisions"}],"predecessor-version":[{"id":2603,"href":"https:\/\/multiarco.pt\/index.php\/wp-json\/wp\/v2\/posts\/2594\/revisions\/2603"}],"wp:featuredmedia":[{"embeddable":true,"href":"https:\/\/multiarco.pt\/index.php\/wp-json\/wp\/v2\/media\/2599"}],"wp:attachment":[{"href":"https:\/\/multiarco.pt\/index.php\/wp-json\/wp\/v2\/media?parent=2594"}],"wp:term":[{"taxonomy":"category","embeddable":true,"href":"https:\/\/multiarco.pt\/index.php\/wp-json\/wp\/v2\/categories?post=2594"},{"taxonomy":"post_tag","embeddable":true,"href":"https:\/\/multiarco.pt\/index.php\/wp-json\/wp\/v2\/tags?post=2594"}],"curies":[{"name":"wp","href":"https:\/\/api.w.org\/{rel}","templated":true}]}}